{"id":326,"date":"2023-12-20T17:02:39","date_gmt":"2023-12-20T16:02:39","guid":{"rendered":"https:\/\/attaqadoumiya.net\/?p=326"},"modified":"2023-12-20T17:02:39","modified_gmt":"2023-12-20T16:02:39","slug":"fifa-lexamen-des-allegations-datteintes-aux-droits-humains-commises-dans-le-cadre-de-la-preparation-de-la-coupe-du-monde-au-qatar-ne-doit-pas-retarder-lindemnisation-des-tr","status":"publish","type":"post","link":"https:\/\/attaqadoumiya.net\/?p=326&lang=fr","title":{"rendered":"FIFA. L\u2019examen des all\u00e9gations d\u2019atteintes aux droits humains commises dans le cadre de la pr\u00e9paration de la Coupe du monde au Qatar ne doit pas retarder l\u2019indemnisation des travailleuses et travailleurs"},"content":{"rendered":"<header class=\"article-header\">\n<h1 id=\"article-title\" class=\"article-title\">FIFA. L\u2019examen des all\u00e9gations d\u2019atteintes aux droits humains commises dans le cadre de la pr\u00e9paration de la Coupe du monde au Qatar ne doit pas retarder l\u2019indemnisation des travailleuses et travailleurs<\/h1>\n<\/header>\n<article class=\"article-content\" aria-labelledby=\"article-title\">En r\u00e9action \u00e0 la promesse faite par la FIFA lors de son congr\u00e8s annuel jeudi 16\u00a0mars \u00e0 Kigali, au Rwanda, d\u2019examiner si les voies de recours existantes pour les atteintes aux droits humains subies par des milliers de travailleuses et de travailleurs ayant contribu\u00e9 \u00e0 la r\u00e9ussite de la Coupe du monde 2022 au Qatar sont suffisantes, Steve Cockburn, directeur du programme Justice \u00e9conomique et sociale d\u2019Amnesty International, a d\u00e9clar\u00e9\u00a0:<\/p>\n<p>\u00ab\u00a0Bien que la FIFA ait reconnu qu\u2019elle devait traiter la question des r\u00e9parations pour les personnes qui ont souffert pour rendre la Coupe du monde 2022 possible, il est \u00e9vident que des milliers de travailleuses et de travailleurs n\u2019ont pas pu obtenir d\u2019indemnisation pour les horribles violations des droits humains li\u00e9es \u00e0 cet \u00e9v\u00e9nement. Il ne faut pas que la FIFA tente de rel\u00e9guer leurs demandes de r\u00e9paration aux oubliettes par un r\u00e9examen prolong\u00e9 de faits d\u00e9j\u00e0 bien \u00e9tablis. Ces personnes ont d\u00e9j\u00e0 attendu bien trop longtemps que justice soit faite.<\/p>\n<blockquote class=\"blockquote is-lined\"><p>Il ne faut pas que la FIFA tente de rel\u00e9guer leurs demandes de r\u00e9paration aux oubliettes<\/p>\n<p><cite>Steve Cockburn, directeur du programme Justice \u00e9conomique et sociale d\u2019Amnesty International<\/cite><\/p><\/blockquote>\n<p>\u00ab\u00a0L\u2019examen auquel la FIFA proc\u00e9dera doit se concentrer sur les mesures pr\u00e9cises qu\u2019elle prendra pour s\u2019assurer que les victimes et leurs proches soient indemnis\u00e9s pour les atteintes subies \u2013 notamment les frais de recrutement ill\u00e9gaux qui ont \u00e9t\u00e9 pay\u00e9s, les salaires vol\u00e9s et les vies perdues \u2013 et non sur l\u2019opportunit\u00e9 de les prendre. Si elle ne le fait pas, il sera ind\u00e9niable que la FIFA tente d\u2019occulter ses responsabilit\u00e9s \u00e0 l\u2019\u00e9gard des personnes qui ont le plus souffert pendant qu\u2019elle a gagn\u00e9 des milliards.<\/p>\n<p>\u00ab\u00a0Nous saluons les initiatives des f\u00e9d\u00e9rations nationales de football qui ont d\u00e9fendu les droits des travailleuses et des travailleurs et ont rappel\u00e9 \u00e0 la FIFA ses propres engagements en mati\u00e8re de droits humains. Nous les incitons \u00e0 continuer de le faire jusqu\u2019\u00e0 ce que justice soit rendue. Ensemble, nous nous <a href=\"https:\/\/www.amnesty.org\/fr\/latest\/news\/2023\/03\/fifa-receives-open-letter-backed-by-a-million-signatures-demanding-justice-for-abused-world-cup-workers\/\" target=\"_blank\" rel=\"noreferrer noopener\">mobiliserons<\/a> afin que les victimes et leurs proches obtiennent les r\u00e9parations qui leur sont dues.\u00a0\u00bb<\/p>\n<\/article>\n","protected":false},"excerpt":{"rendered":"<div class=\"mh-excerpt\"><p>FIFA. L\u2019examen des all\u00e9gations d\u2019atteintes aux droits humains commises dans le cadre de la pr\u00e9paration de la Coupe du monde au Qatar ne doit pas retarder l\u2019indemnisation des travailleuses et travailleurs En r\u00e9action \u00e0 la <a class=\"mh-excerpt-more\" href=\"https:\/\/attaqadoumiya.net\/?p=326&#038;lang=fr\" title=\"FIFA. L\u2019examen des all\u00e9gations d\u2019atteintes aux droits humains commises dans le cadre de la pr\u00e9paration de la Coupe du monde au Qatar ne doit pas retarder l\u2019indemnisation des travailleuses et travailleurs\">[&#8230;]<\/a><\/p>\n<\/div>","protected":false},"author":1,"featured_media":327,"comment_status":"open","ping_status":"open","sticky":false,"template":"","format":"standard","meta":{"footnotes":""},"categories":[42,44,53],"tags":[],"class_list":{"0":"post-326","1":"post","2":"type-post","3":"status-publish","4":"format-standard","5":"has-post-thumbnail","7":"category-derniere-info","8":"category-droit-de-lhomme","9":"category-wahhabisme"},"_links":{"self":[{"href":"https:\/\/attaqadoumiya.net\/index.php?rest_route=\/wp\/v2\/posts\/326","targetHints":{"allow":["GET"]}}],"collection":[{"href":"https:\/\/attaqadoumiya.net\/index.php?rest_route=\/wp\/v2\/posts"}],"about":[{"href":"https:\/\/attaqadoumiya.net\/index.php?rest_route=\/wp\/v2\/types\/post"}],"author":[{"embeddable":true,"href":"https:\/\/attaqadoumiya.net\/index.php?rest_route=\/wp\/v2\/users\/1"}],"replies":[{"embeddable":true,"href":"https:\/\/attaqadoumiya.net\/index.php?rest_route=%2Fwp%2Fv2%2Fcomments&post=326"}],"version-history":[{"count":1,"href":"https:\/\/attaqadoumiya.net\/index.php?rest_route=\/wp\/v2\/posts\/326\/revisions"}],"predecessor-version":[{"id":328,"href":"https:\/\/attaqadoumiya.net\/index.php?rest_route=\/wp\/v2\/posts\/326\/revisions\/328"}],"wp:featuredmedia":[{"embeddable":true,"href":"https:\/\/attaqadoumiya.net\/index.php?rest_route=\/wp\/v2\/media\/327"}],"wp:attachment":[{"href":"https:\/\/attaqadoumiya.net\/index.php?rest_route=%2Fwp%2Fv2%2Fmedia&parent=326"}],"wp:term":[{"taxonomy":"category","embeddable":true,"href":"https:\/\/attaqadoumiya.net\/index.php?rest_route=%2Fwp%2Fv2%2Fcategories&post=326"},{"taxonomy":"post_tag","embeddable":true,"href":"https:\/\/attaqadoumiya.net\/index.php?rest_route=%2Fwp%2Fv2%2Ftags&post=326"}],"curies":[{"name":"wp","href":"https:\/\/api.w.org\/{rel}","templated":true}]}}