{"id":329,"date":"2023-12-20T17:07:32","date_gmt":"2023-12-20T16:07:32","guid":{"rendered":"https:\/\/attaqadoumiya.net\/?p=329"},"modified":"2023-12-20T17:07:32","modified_gmt":"2023-12-20T16:07:32","slug":"qatar-les-condamnations-a-perpetuite-de-militants-ayant-proteste-contre-une-loi-electorale-discriminatoire-doivent-etre-annulees","status":"publish","type":"post","link":"https:\/\/attaqadoumiya.net\/?p=329&lang=fr","title":{"rendered":"Qatar. Les condamnations \u00e0 perp\u00e9tuit\u00e9 de militants ayant protest\u00e9 contre une loi \u00e9lectorale discriminatoire doivent \u00eatre annul\u00e9es"},"content":{"rendered":"<header class=\"article-header\">\n<h1 id=\"article-title\" class=\"article-title\">Qatar. Les condamnations \u00e0 perp\u00e9tuit\u00e9 de militants ayant protest\u00e9 contre une loi \u00e9lectorale discriminatoire doivent \u00eatre annul\u00e9es<\/h1>\n<\/header>\n<article class=\"article-content\" aria-labelledby=\"article-title\">En r\u00e9action aux informations indiquant qu\u2019un tribunal du Qatar a condamn\u00e9 le 10\u00a0mai trois militants, dont les avocats Hazza et Rashed Ali Hazza Salem Abu Shurayda, \u00e0 la r\u00e9clusion \u00e0 perp\u00e9tuit\u00e9 et un autre \u00e0 15\u00a0ans d\u2019emprisonnement, Lynn Maalouf, directrice r\u00e9gionale adjointe d\u2019Amnesty International pour le Moyen-Orient et l\u2019Afrique du Nord, a d\u00e9clar\u00e9\u00a0:<\/p>\n<p>\u00ab\u00a0La condamnation de Hazza et Rashed Ali Hazza Salem Abu Shurayda \u2013 ainsi que de Mohammed Rashed Hassan Nasser al\u00a0Ajami en son absence \u2013 \u00e0 des peines de r\u00e9clusion \u00e0 perp\u00e9tuit\u00e9 est extr\u00eamement pr\u00e9occupante et montre \u00e0 tous les militants que la contestation ne sera pas tol\u00e9r\u00e9e.<\/p>\n<p>\u00ab\u00a0\u00c0 l\u2019issue d\u2019un proc\u00e8s \u00e0 huis clos, le tribunal a condamn\u00e9 ces quatre militants \u00e0 de lourdes peines de prison sur la base de fausses accusations de violence, alors qu\u2019ils n\u2019avaient fait qu\u2019exercer leur droit de protester pacifiquement. Il faut annuler leur d\u00e9claration de culpabilit\u00e9 et leurs condamnations.<\/p>\n<p><img loading=\"lazy\" decoding=\"async\" class=\"wp-image-330 alignright\" src=\"http:\/\/attaqadoumiya.net\/wp-content\/uploads\/2023\/12\/hamad-sarkouzi-1-300x210.jpg\" alt=\"\" width=\"627\" height=\"439\" srcset=\"https:\/\/attaqadoumiya.net\/wp-content\/uploads\/2023\/12\/hamad-sarkouzi-1-300x210.jpg 300w, https:\/\/attaqadoumiya.net\/wp-content\/uploads\/2023\/12\/hamad-sarkouzi-1.jpg 500w\" sizes=\"auto, (max-width: 627px) 100vw, 627px\" \/>\u00ab\u00a0Il est particuli\u00e8rement d\u00e9concertant que les autorit\u00e9s du Qatar punissent ces hommes au moment o\u00f9 elles tentent d\u2019am\u00e9liorer leur r\u00e9putation en mati\u00e8re de droits humains avant la Coupe du monde 2022 de la FIFA. Au lieu d\u2019enfermer les d\u00e9tracteurs du gouvernement, les autorit\u00e9s devraient respecter les droits fondamentaux et inali\u00e9nables de toutes les personnes qui r\u00e9sident dans le pays. Elles devraient aussi tenir compte des revendications des manifestants, qui demandent la modification des lois \u00e9lectorales discriminatoires du pays.\u00a0\u00bb<\/p>\n<p><strong>Compl\u00e9ment d\u2019information<\/strong><\/p>\n<p>\u00c0 la suite de la promulgation le 29\u00a0juillet 2021 par l\u2019\u00e9mir du Qatar, Tamim bin Hamad Al\u00a0Thani, de la <a href=\"https:\/\/dohanews.co\/amir-tamim-orders-legal-amendments-to-promote-equality-among-qataris-at-first-shura-council-session\/\" target=\"_blank\" rel=\"noreferrer noopener\">Loi n\u00b0\u00a06<\/a>, qui r\u00e9glemente les \u00e9lections du Conseil consultatif, des manifestations ont \u00e9clat\u00e9 pr\u00e8s de Doha le 7\u00a0ao\u00fbt 2021. Les protestataires exprimaient leur m\u00e9contentement face \u00e0 cette loi qui est discriminatoire envers les milliers de membres de la tribu Al Murra, car elle les emp\u00eache de voter ou de se pr\u00e9senter aux \u00e9lections. Ces derniers sont depuis longtemps victimes de discrimination dans l\u2019exercice de divers droits fondamentaux, notamment l\u2019acc\u00e8s \u00e0 l\u2019\u00e9ducation, \u00e0 l\u2019emploi et aux services de sant\u00e9.<\/p>\n<p>Le 10\u00a0mai, les quatre militants ont \u00e9t\u00e9 condamn\u00e9s par le tribunal p\u00e9nal de premi\u00e8re instance du Qatar, dont deux en leur absence, pour avoir contest\u00e9 des lois promulgu\u00e9es par l\u2019\u00e9mir, \u00ab\u00a0menac\u00e9\u00a0\u00bb l\u2019\u00e9mir sur les r\u00e9seaux sociaux, compromis l\u2019ind\u00e9pendance de l\u2019\u00c9tat, organis\u00e9 des r\u00e9unions publiques non autoris\u00e9es et \u00ab\u00a0port\u00e9 atteinte\u00a0\u00bb aux valeurs sociales sur Internet.<\/p>\n<\/article>\n","protected":false},"excerpt":{"rendered":"<div class=\"mh-excerpt\"><p>Qatar. Les condamnations \u00e0 perp\u00e9tuit\u00e9 de militants ayant protest\u00e9 contre une loi \u00e9lectorale discriminatoire doivent \u00eatre annul\u00e9es En r\u00e9action aux informations indiquant qu\u2019un tribunal du Qatar a condamn\u00e9 le 10\u00a0mai trois militants, dont les avocats <a class=\"mh-excerpt-more\" href=\"https:\/\/attaqadoumiya.net\/?p=329&#038;lang=fr\" title=\"Qatar. Les condamnations \u00e0 perp\u00e9tuit\u00e9 de militants ayant protest\u00e9 contre une loi \u00e9lectorale discriminatoire doivent \u00eatre annul\u00e9es\">[&#8230;]<\/a><\/p>\n<\/div>","protected":false},"author":1,"featured_media":331,"comment_status":"open","ping_status":"open","sticky":false,"template":"","format":"standard","meta":{"footnotes":""},"categories":[42,44,53],"tags":[],"class_list":{"0":"post-329","1":"post","2":"type-post","3":"status-publish","4":"format-standard","5":"has-post-thumbnail","7":"category-derniere-info","8":"category-droit-de-lhomme","9":"category-wahhabisme"},"_links":{"self":[{"href":"https:\/\/attaqadoumiya.net\/index.php?rest_route=\/wp\/v2\/posts\/329","targetHints":{"allow":["GET"]}}],"collection":[{"href":"https:\/\/attaqadoumiya.net\/index.php?rest_route=\/wp\/v2\/posts"}],"about":[{"href":"https:\/\/attaqadoumiya.net\/index.php?rest_route=\/wp\/v2\/types\/post"}],"author":[{"embeddable":true,"href":"https:\/\/attaqadoumiya.net\/index.php?rest_route=\/wp\/v2\/users\/1"}],"replies":[{"embeddable":true,"href":"https:\/\/attaqadoumiya.net\/index.php?rest_route=%2Fwp%2Fv2%2Fcomments&post=329"}],"version-history":[{"count":1,"href":"https:\/\/attaqadoumiya.net\/index.php?rest_route=\/wp\/v2\/posts\/329\/revisions"}],"predecessor-version":[{"id":332,"href":"https:\/\/attaqadoumiya.net\/index.php?rest_route=\/wp\/v2\/posts\/329\/revisions\/332"}],"wp:featuredmedia":[{"embeddable":true,"href":"https:\/\/attaqadoumiya.net\/index.php?rest_route=\/wp\/v2\/media\/331"}],"wp:attachment":[{"href":"https:\/\/attaqadoumiya.net\/index.php?rest_route=%2Fwp%2Fv2%2Fmedia&parent=329"}],"wp:term":[{"taxonomy":"category","embeddable":true,"href":"https:\/\/attaqadoumiya.net\/index.php?rest_route=%2Fwp%2Fv2%2Fcategories&post=329"},{"taxonomy":"post_tag","embeddable":true,"href":"https:\/\/attaqadoumiya.net\/index.php?rest_route=%2Fwp%2Fv2%2Ftags&post=329"}],"curies":[{"name":"wp","href":"https:\/\/api.w.org\/{rel}","templated":true}]}}